{"id":5007,"date":"2021-02-16T12:19:08","date_gmt":"2021-02-16T11:19:08","guid":{"rendered":"http:\/\/rchst.de\/blog\/2021\/02\/16\/monitor-versorgungsforschung-daas-kin\/"},"modified":"2021-02-16T12:19:50","modified_gmt":"2021-02-16T11:19:50","slug":"monitor-versorgungsforschung-daas-kin","status":"publish","type":"post","link":"https:\/\/rchst.de\/en\/blog\/2021\/02\/16\/monitor-versorgungsforschung-daas-kin\/","title":{"rendered":"Monitor Versorgungsforschung Artikel DAAS-KIN"},"content":{"rendered":"<div id=\"pl-5007\"  class=\"panel-layout\" ><div id=\"pg-5007-0\"  class=\"panel-grid panel-no-style\" ><div id=\"pgc-5007-0-0\"  class=\"panel-grid-cell\" ><div id=\"panel-5007-0-0-0\" class=\"so-panel widget widget_sow-headline panel-first-child panel-last-child\" data-index=\"0\" ><div\n\t\t\t\n\t\t\tclass=\"so-widget-sow-headline so-widget-sow-headline-default-e1945b6ac910-5007\"\n\t\t\t\n\t\t><div class=\"sow-headline-container \">\n\t\t\t\t\t\t\t<h2 class=\"sow-headline\">\n\t\t\t\t\t\tTechnik in der Pflege als Generall\u00f6sung?\t\t\t\t\t\t<\/h2>\n\t\t\t\t\t\t<\/div>\n<\/div><\/div><\/div><\/div><div id=\"pg-5007-1\"  class=\"panel-grid panel-no-style\" ><div id=\"pgc-5007-1-0\"  class=\"panel-grid-cell\" ><div id=\"panel-5007-1-0-0\" class=\"so-panel widget widget_sow-editor panel-first-child panel-last-child\" data-index=\"1\" ><div\n\t\t\t\n\t\t\tclass=\"so-widget-sow-editor so-widget-sow-editor-base\"\n\t\t\t\n\t\t>\n<div class=\"siteorigin-widget-tinymce textwidget\">\n\t<p><em>Februar 2021<br \/>\n<\/em>In der aktuellen Ausgabe des Monitor Versorgungsforschung ist der Artikel \u201e<a href=\"http:\/\/rchst.de\/wp-content\/uploads\/2021\/02\/MVF-0121-Ein-kritischer-Blick-auf-altersgerechte-Assistenzsysteme-aus-Stakeholdersicht.pdf\">Technik in der Pflege als Generall\u00f6sung - Ein kritischer Blick auf altersgerechte Assistenzsysteme aus Stakeholdersicht<\/a>\" erschienen. Der Artikel entstand im Rahmen des vom <a href=\"https:\/\/www.oth-regensburg.de\/fakultaeten\/angewandte-sozial-und-gesundheitswissenschaften\/forschung-projekte\/institut-fuer-sozialforschung-und-technikfolgenabschaetzung.html\">Institut f\u00fcr Sozialforschung und Technikfolgenabsch\u00e4tzung<\/a> (IST) durchgef\u00fchrten Projekt <a href=\"https:\/\/www.oth-regensburg.de\/de\/fakultaeten\/angewandte-sozial-und-gesundheitswissenschaften\/forschung-projekte\/institut-fuer-sozialforschung-und-technikfolgenabschaetzung\/projekte\/projekte-im-bereich-gesundheit\/daas-kin.html\">DAAS-KIN<\/a>. Das Projekt hat das Ziel, den Gr\u00fcnden f\u00fcr den bislang zur\u00fcckhaltenden Einsatz digitaler Technik in der Pflege nachzugehen. Anhand einer Befragung von F\u00fchrungskr\u00e4ften in ambulanten und station\u00e4ren Pflegeeinrichtungen wird der Einsatz altersgerechter Assistenzsysteme bewertet und Nutzungshemmnisse eruiert. Der Artikel zeigt erste Ergebnisse dieser Befragung.<br \/>\nMonitor Versorgungsforschung, 14, 1, S. 63- 68. doi: <a href=\"http:\/\/doi.org\/10.24945\/MVF.01.21.1866-0533.2281\" target=\"_blank\" rel=\"noopener\">http:\/\/doi.org\/10.24945\/MVF.01.21.1866-0533.2281<\/a><\/p>\n<\/div>\n<\/div><\/div><\/div><\/div><\/div>","protected":false},"excerpt":{"rendered":"<p>Februar 2021 In der aktuellen Ausgabe des Monitor Versorgungsforschung ist der Artikel \u201eTechnik in der Pflege als Generall\u00f6sung &#8211; Ein kritischer Blick auf altersgerechte Assistenzsysteme aus Stakeholdersicht&#8221; erschienen. Der Artikel entstand im Rahmen des vom Institut f\u00fcr Sozialforschung und Technikfolgenabsch\u00e4tzung (IST) durchgef\u00fchrten Projekt DAAS-KIN. Das Projekt hat das Ziel, den Gr\u00fcnden f\u00fcr den bislang zur\u00fcckhaltenden&hellip;<\/p>\n","protected":false},"author":3,"featured_media":0,"comment_status":"closed","ping_status":"open","sticky":false,"template":"","format":"aside","meta":{"ngg_post_thumbnail":0,"footnotes":""},"categories":[9],"tags":[],"class_list":["post-5007","post","type-post","status-publish","format-aside","hentry","category-uncategorized","post_format-post-format-aside"],"_links":{"self":[{"href":"https:\/\/rchst.de\/en\/wp-json\/wp\/v2\/posts\/5007","targetHints":{"allow":["GET"]}}],"collection":[{"href":"https:\/\/rchst.de\/en\/wp-json\/wp\/v2\/posts"}],"about":[{"href":"https:\/\/rchst.de\/en\/wp-json\/wp\/v2\/types\/post"}],"author":[{"embeddable":true,"href":"https:\/\/rchst.de\/en\/wp-json\/wp\/v2\/users\/3"}],"replies":[{"embeddable":true,"href":"https:\/\/rchst.de\/en\/wp-json\/wp\/v2\/comments?post=5007"}],"version-history":[{"count":2,"href":"https:\/\/rchst.de\/en\/wp-json\/wp\/v2\/posts\/5007\/revisions"}],"predecessor-version":[{"id":5011,"href":"https:\/\/rchst.de\/en\/wp-json\/wp\/v2\/posts\/5007\/revisions\/5011"}],"wp:attachment":[{"href":"https:\/\/rchst.de\/en\/wp-json\/wp\/v2\/media?parent=5007"}],"wp:term":[{"taxonomy":"category","embeddable":true,"href":"https:\/\/rchst.de\/en\/wp-json\/wp\/v2\/categories?post=5007"},{"taxonomy":"post_tag","embeddable":true,"href":"https:\/\/rchst.de\/en\/wp-json\/wp\/v2\/tags?post=5007"}],"curies":[{"name":"wp","href":"https:\/\/api.w.org\/{rel}","templated":true}]}}